{"id":70269,"date":"2023-05-10T16:53:26","date_gmt":"2023-05-10T20:53:26","guid":{"rendered":"http:\/\/understood-jellybeans.flywheelsites.com\/?p=70269"},"modified":"2023-05-10T16:53:26","modified_gmt":"2023-05-10T20:53:26","slug":"apprenez-au-sujet-dune-des-especes-emblematiques-de-la-journee-mondiale-des-oiseaux-migrateurs-cette-annee-pelican-damerique","status":"publish","type":"post","link":"https:\/\/naturecanada.ca\/fr\/nouvelles\/blog-fr\/apprenez-au-sujet-dune-des-especes-emblematiques-de-la-journee-mondiale-des-oiseaux-migrateurs-cette-annee-pelican-damerique\/","title":{"rendered":"Apprenez au sujet d\u2019une des esp\u00e8ces embl\u00e9matiques de la Journ\u00e9e Mondiale des Oiseaux Migrateurs cette ann\u00e9e: P\u00e9lican d\u2019Am\u00e9rique"},"content":{"rendered":"<div class=\"wpb-content-wrapper\"><p>[vc_row][vc_column][vc_column_text]<\/p>\n<figure class=\"wp-block-image size-large\"><img loading=\"lazy\" decoding=\"async\" class=\"alignnone wp-image-70000\" src=\"https:\/\/naturecanada.ca\/wp-content\/uploads\/2023\/03\/American-White-Pelican.jpg\" alt=\"American White Pelican\" width=\"1024\" height=\"682\" srcset=\"https:\/\/naturecanada.ca\/wp-content\/uploads\/2023\/03\/American-White-Pelican.jpg 1024w, https:\/\/naturecanada.ca\/wp-content\/uploads\/2023\/03\/American-White-Pelican-300x200.jpg 300w, https:\/\/naturecanada.ca\/wp-content\/uploads\/2023\/03\/American-White-Pelican-768x512.jpg 768w\" sizes=\"auto, (max-width: 709px) 85vw, (max-width: 909px) 67vw, (max-width: 1362px) 62vw, 840px\" \/><\/figure>\n<h2>Signes vitaux<\/h2>\n<ul>\n<li><strong>Nom commun:<\/strong> P\u00e9lican d\u2019Am\u00e9rique<\/li>\n<li><strong>Nom latin:<\/strong> <em>Pelecanus erythrorhynchos<\/em><\/li>\n<li><strong>Distribution:<\/strong> Durant l\u2019\u00e9t\u00e9, leurs aires de reproduction couvrent certaines parties de l\u2019Alberta, la Saskatchewan, le Manitoba et les \u00c9tats au nord des \u00c9tats-Unis. Durant les mois d&#8217;automne, ils migrent vers leurs aires d\u2019hivernage le long des c\u00f4tes est et ouest du Mexique et du sud des \u00c9tats-Unis.<sup>2<\/sup><\/li>\n<li><strong>Long\u00e9vit\u00e9 moyen:<\/strong> 12 \u00e0 30 ans<sup>4<\/sup><\/li>\n<li><strong>Taille:<\/strong> Une longueur moyenne de 127 \u00e0 165 cm, une envergure de 244 \u00e0 290 cm et un poids de 4500 \u00e0 9000 g.<sup>3<\/sup><\/li>\n<li><strong>Taille de la population:<\/strong> 100 000 \u00e0 200 000 au Canada<sup>1<\/sup><\/li>\n<\/ul>\n<h2>Les faits<\/h2>\n<p>Le p\u00e9lican d\u2019Am\u00e9rique est un des oiseaux les plus grands en Am\u00e9rique du Nord. Durant l\u2019\u00e9t\u00e9, ils vivent et reproduisent sur des \u00eeles et des zones humides \u00e0 l\u2019int\u00e9rieur du continent, tandis que durant l\u2019hiver, ils migrent vers les r\u00e9gions c\u00f4ti\u00e8res au sud de l\u2019Am\u00e9rique du Nord. Le p\u00e9lican d\u2019Am\u00e9rique est principalement recouvert de plumes blanches, avec des plumes noires recouvrant le bout de leurs ailes. Il est parfois possible d\u2019observer une bosse sur leur long bec orange. Cette bosse, nomm\u00e9e caroncule, grandit chaque ann\u00e9e durant la p\u00e9riode de reproduction pour les m\u00e2les et les femelles. Cette caroncule les aide \u00e0 trouver un partenaire, et tombe une fois la p\u00e9riode de reproduction termin\u00e9e.<sup>2<\/sup><\/p>\n<p>Lors de leur p\u00e9riode de reproduction, le p\u00e9lican d\u2019Am\u00e9rique va habituellement fabriquer son nid sur une \u00eele dans une colonie avec d\u2019autres p\u00e9licans. Quoique la femelle pond deux \u0153ufs dans son nid, ils entrent en comp\u00e9tition entre eux m\u00eames et habituellement seulement un des enfants va survivre. Un fois \u00e9clos, les jeunes vont vivre dans le nid pour deux \u00e0 trois semaines avant quitter.<sup>2<\/sup><\/p>\n<p>Leur r\u00e9gime alimentaire consiste principalement de poissons et autres petits organismes aquatiques. Ils fourragent principalement durant la nuit en utilisant la poche extensible de leur bec pour attraper des poissons.<sup>2<\/sup><\/p>\n<h2>L\u2019histoire<\/h2>\n<p>Le p\u00e9lican d\u2019Am\u00e9rique pr\u00e9sente un faible risque d&#8217;\u00eatre en voie de disparition, leurs nombres augmentent graduellement depuis les ann\u00e9es 1970. Avant cette augmentation, les p\u00e9licans ont \u00e9t\u00e9 menac\u00e9s par une vari\u00e9t\u00e9 de causes anthropiques. Leurs aires de reproductions ont \u00e9t\u00e9 d\u00e9rang\u00e9es par l\u2019expansion humaine et les activit\u00e9s r\u00e9cr\u00e9atives, leurs habitats ont \u00e9t\u00e9 d\u00e9stabilis\u00e9s par l&#8217;infiltration des pesticides et par le changement des niveaux d\u2019eau et ils ont \u00e9t\u00e9 chass\u00e9s pour le sport.<sup>1<\/sup><\/p>\n<h2>Ce que tu peux faire<\/h2>\n<p>Tandis que leurs nombres sont en train de cro\u00eetre en ce moment, les p\u00e9licans d\u2019Am\u00e9rique font quand m\u00eame face aux m\u00eames dangers qui peuvent affecter d&#8217;autres esp\u00e8ces d\u2019oiseaux. Dans leur cas, \u00e0 cause qu\u2019ils sont concentr\u00e9s dans des colonies durant la p\u00e9riode de reproduction, il sont plus susceptibles au maladies, au \u00e9v\u00e9nements m\u00e9t\u00e9orologiques et \u00e0 la perte d\u2019habitat. Au Canada, le p\u00e9lican d\u2019Am\u00e9rique a \u00e9t\u00e9 identifi\u00e9 comme \u00e9tant une priorit\u00e9 dans plusieurs strat\u00e9gies de conservation et d\u2019intendance. Environnement Canada esp\u00e8re maintenir leurs nombres actuels en se concentrant sur la protection d\u2019habitats et en surveillant leurs populations.<sup>1<\/sup><\/p>\n<p>Cela \u00e9tant dit, lutter pour la conservation des terres humides au Canada et pour la conservation de la nature en g\u00e9n\u00e9ral sont quelques-unes des mani\u00e8res dont vous pouvez supporter le P\u00e9lican d\u2019Am\u00e9rique.<\/p>\n<p>Vous pouvez aussi vous impliquer avec une \u00e9quipe d\u2019oiseaux dans votre communaut\u00e9 et les aider \u00e0 devenir une ville certifi\u00e9e comme \u00e9tant <a href=\"https:\/\/naturecanada.ca\/fr\/its-what-we-do\/how-you-help-us-take-action\/vao\/?\" target=\"_blank\" rel=\"noopener\">amie des oiseaux<\/a> ou \u00e0 <a href=\"https:\/\/docs.google.com\/forms\/d\/e\/1FAIpQLSdc93Wjhg7_S8-1JVgKU6eGCYUVafUeykSaBDkmtDrYm8oP1Q\/viewform\" target=\"_blank\" rel=\"noopener\">organiser un \u00e9v\u00e8nement<\/a> pour la Journ\u00e9e Mondiale des Oiseaux Migrateurs.<\/p>\n<p style=\"color: #7e8c8d;\">Sources:<\/p>\n<p style=\"color: #7e8c8d;\"><sup>1<\/sup> Comit\u00e9 technique sur la sauvagine du Service canadien de la faune. 2015. P\u00e9lican d\u2019Am\u00e9rique (Pelecanus erythrorhynchos). https:\/\/faune-especes.canada.ca\/situation-oiseaux\/oiseau-bird.aspx?sY=2014&amp;sL=f&amp;sB=AWPE&amp;sM=a<\/p>\n<p style=\"color: #7e8c8d;\"><sup>2<\/sup> Oiseaux &#8211; Birds. Fiches descriptives, P\u00e9lican d\u2019Am\u00e9rique. https:\/\/www.oiseaux-birds.com\/fiche-pelican-amerique.html<\/p>\n<p style=\"color: #7e8c8d;\"><sup>3<\/sup> The Cornell Lab. All About Birds, American White Pelican. https:\/\/www.allaboutbirds.org\/guide\/American_White_Pelican\/overview<\/p>\n<p style=\"color: #7e8c8d;\"><sup>4<\/sup> Sanctuary Integrated Monitoring Network. Species Database, American White Pelican. https:\/\/sanctuarysimon.org\/dbtools\/species-database\/id\/342\/pelecanus\/erythrorhynchos\/american-white-pelican\/<\/p>\n<hr \/>\n<p>Ce projet a \u00e9t\u00e9 r\u00e9alis\u00e9 avec l&#8217;appui financier du gouvernement du Canada agissant par l&#8217;entremise du minist\u00e8re f\u00e9d\u00e9ral de l&#8217;Environnement et du Changement climatique.<\/p>\n<p>This project was undertaken with the financial support of the Government of Canada through the federal Department of Environment and Climate Change.<\/p>\n<figure class=\"wp-block-image size-large\"><img loading=\"lazy\" decoding=\"async\" class=\"aligncenter wp-image-70047\" src=\"https:\/\/naturecanada.ca\/wp-content\/uploads\/2023\/03\/Environment_and_Climate_Change_Canada_logo.png\" alt=\"Environment and Climate Change Canada\" width=\"700\" height=\"43\" srcset=\"https:\/\/naturecanada.ca\/wp-content\/uploads\/2023\/03\/Environment_and_Climate_Change_Canada_logo.png 732w, https:\/\/naturecanada.ca\/wp-content\/uploads\/2023\/03\/Environment_and_Climate_Change_Canada_logo-300x18.png 300w\" sizes=\"auto, (max-width: 709px) 85vw, (max-width: 909px) 67vw, (max-width: 1362px) 62vw, 840px\" \/><\/figure>\n<p>[\/vc_column_text][\/vc_column][\/vc_row]<\/p>\n<\/div>","protected":false},"excerpt":{"rendered":"<p>[vc_row][vc_column][vc_column_text]<\/p>\n","protected":false},"author":99,"featured_media":70001,"comment_status":"closed","ping_status":"closed","sticky":false,"template":"","format":"standard","meta":{"_acf_changed":false,"footnotes":""},"categories":[1500],"tags":[2214,2182,2183,2213],"class_list":["post-70269","post","type-post","status-publish","format-standard","has-post-thumbnail","hentry","category-blog-fr","tag-bird-conservation-fr-2","tag-bird-friendly-cities-fr","tag-bird-friendly-city-fr","tag-birds-fr"],"acf":[],"yoast_head":"<!-- This site is optimized with the Yoast SEO plugin v27.0 - https:\/\/yoast.com\/product\/yoast-seo-wordpress\/ -->\n<title>Apprenez au sujet d\u2019une des esp\u00e8ces embl\u00e9matiques de la Journ\u00e9e Mondiale des Oiseaux Migrateurs cette ann\u00e9e: P\u00e9lican d\u2019Am\u00e9rique - Nature Canada<\/title>\n<meta name=\"description\" content=\"Le p\u00e9lican d\u2019Am\u00e9rique est un des oiseaux les plus grands en Am\u00e9rique du Nord. Durant l\u2019\u00e9t\u00e9, ils vivent et reproduisent sur des \u00eeles et des zones humides \u00e0 l\u2019int\u00e9rieur du continent, tandis que durant l\u2019hiver, ils migrent vers les r\u00e9gions c\u00f4ti\u00e8res au sud de l\u2019Am\u00e9rique du Nord.\" \/>\n<meta name=\"robots\" content=\"index, follow, max-snippet:-1, max-image-preview:large, max-video-preview:-1\" \/>\n<link rel=\"canonical\" href=\"https:\/\/naturecanada.ca\/fr\/nouvelles\/blog-fr\/apprenez-au-sujet-dune-des-especes-emblematiques-de-la-journee-mondiale-des-oiseaux-migrateurs-cette-annee-pelican-damerique\/\" \/>\n<meta property=\"og:locale\" content=\"fr_FR\" \/>\n<meta property=\"og:type\" content=\"article\" \/>\n<meta property=\"og:title\" content=\"Apprenez au sujet d\u2019une des esp\u00e8ces embl\u00e9matiques de la Journ\u00e9e Mondiale des Oiseaux Migrateurs cette ann\u00e9e: P\u00e9lican d\u2019Am\u00e9rique - Nature Canada\" \/>\n<meta property=\"og:description\" content=\"Le p\u00e9lican d\u2019Am\u00e9rique est un des oiseaux les plus grands en Am\u00e9rique du Nord. Durant l\u2019\u00e9t\u00e9, ils vivent et reproduisent sur des \u00eeles et des zones humides \u00e0 l\u2019int\u00e9rieur du continent, tandis que durant l\u2019hiver, ils migrent vers les r\u00e9gions c\u00f4ti\u00e8res au sud de l\u2019Am\u00e9rique du Nord.\" \/>\n<meta property=\"og:url\" content=\"https:\/\/naturecanada.ca\/fr\/nouvelles\/blog-fr\/apprenez-au-sujet-dune-des-especes-emblematiques-de-la-journee-mondiale-des-oiseaux-migrateurs-cette-annee-pelican-damerique\/\" \/>\n<meta property=\"og:site_name\" content=\"Nature Canada\" \/>\n<meta property=\"article:publisher\" content=\"https:\/\/www.facebook.com\/NatureCanada\/\" \/>\n<meta property=\"article:published_time\" content=\"2023-05-10T20:53:26+00:00\" \/>\n<meta property=\"og:image\" content=\"https:\/\/naturecanada.ca\/wp-content\/uploads\/2023\/03\/American-White-Pelican.jpg\" \/>\n\t<meta property=\"og:image:width\" content=\"1024\" \/>\n\t<meta property=\"og:image:height\" content=\"682\" \/>\n\t<meta property=\"og:image:type\" content=\"image\/jpeg\" \/>\n<meta name=\"author\" content=\"Nature Canada\" \/>\n<meta name=\"twitter:card\" content=\"summary_large_image\" \/>\n<meta name=\"twitter:creator\" content=\"@NatureCanada\" \/>\n<meta name=\"twitter:site\" content=\"@NatureCanada\" \/>\n<meta name=\"twitter:label1\" content=\"Written by\" \/>\n\t<meta name=\"twitter:data1\" content=\"Nature Canada\" \/>\n\t<meta name=\"twitter:label2\" content=\"Est. reading time\" \/>\n\t<meta name=\"twitter:data2\" content=\"4 minutes\" \/>\n<script type=\"application\/ld+json\" class=\"yoast-schema-graph\">{\"@context\":\"https:\/\/schema.org\",\"@graph\":[{\"@type\":\"Article\",\"@id\":\"https:\/\/naturecanada.ca\/fr\/nouvelles\/blog-fr\/apprenez-au-sujet-dune-des-especes-emblematiques-de-la-journee-mondiale-des-oiseaux-migrateurs-cette-annee-pelican-damerique\/#article\",\"isPartOf\":{\"@id\":\"https:\/\/naturecanada.ca\/fr\/nouvelles\/blog-fr\/apprenez-au-sujet-dune-des-especes-emblematiques-de-la-journee-mondiale-des-oiseaux-migrateurs-cette-annee-pelican-damerique\/\"},\"author\":{\"name\":\"Nature Canada\",\"@id\":\"https:\/\/naturecanada.ca\/fr\/#\/schema\/person\/17b7bcf5d6c5986308482766e7f95678\"},\"headline\":\"Apprenez au sujet d\u2019une des esp\u00e8ces embl\u00e9matiques de la Journ\u00e9e Mondiale des Oiseaux Migrateurs cette ann\u00e9e: P\u00e9lican d\u2019Am\u00e9rique\",\"datePublished\":\"2023-05-10T20:53:26+00:00\",\"mainEntityOfPage\":{\"@id\":\"https:\/\/naturecanada.ca\/fr\/nouvelles\/blog-fr\/apprenez-au-sujet-dune-des-especes-emblematiques-de-la-journee-mondiale-des-oiseaux-migrateurs-cette-annee-pelican-damerique\/\"},\"wordCount\":801,\"image\":{\"@id\":\"https:\/\/naturecanada.ca\/fr\/nouvelles\/blog-fr\/apprenez-au-sujet-dune-des-especes-emblematiques-de-la-journee-mondiale-des-oiseaux-migrateurs-cette-annee-pelican-damerique\/#primaryimage\"},\"thumbnailUrl\":\"https:\/\/naturecanada.ca\/wp-content\/uploads\/2023\/03\/American-White-Pelican.jpg\",\"keywords\":[\"bird conservation\",\"Bird Friendly Cities\",\"Bird Friendly City\",\"birds\"],\"articleSection\":[\"Blog\"],\"inLanguage\":\"fr-FR\"},{\"@type\":\"WebPage\",\"@id\":\"https:\/\/naturecanada.ca\/fr\/nouvelles\/blog-fr\/apprenez-au-sujet-dune-des-especes-emblematiques-de-la-journee-mondiale-des-oiseaux-migrateurs-cette-annee-pelican-damerique\/\",\"url\":\"https:\/\/naturecanada.ca\/fr\/nouvelles\/blog-fr\/apprenez-au-sujet-dune-des-especes-emblematiques-de-la-journee-mondiale-des-oiseaux-migrateurs-cette-annee-pelican-damerique\/\",\"name\":\"Apprenez au sujet d\u2019une des esp\u00e8ces embl\u00e9matiques de la Journ\u00e9e Mondiale des Oiseaux Migrateurs cette ann\u00e9e: P\u00e9lican d\u2019Am\u00e9rique - Nature Canada\",\"isPartOf\":{\"@id\":\"https:\/\/naturecanada.ca\/fr\/#website\"},\"primaryImageOfPage\":{\"@id\":\"https:\/\/naturecanada.ca\/fr\/nouvelles\/blog-fr\/apprenez-au-sujet-dune-des-especes-emblematiques-de-la-journee-mondiale-des-oiseaux-migrateurs-cette-annee-pelican-damerique\/#primaryimage\"},\"image\":{\"@id\":\"https:\/\/naturecanada.ca\/fr\/nouvelles\/blog-fr\/apprenez-au-sujet-dune-des-especes-emblematiques-de-la-journee-mondiale-des-oiseaux-migrateurs-cette-annee-pelican-damerique\/#primaryimage\"},\"thumbnailUrl\":\"https:\/\/naturecanada.ca\/wp-content\/uploads\/2023\/03\/American-White-Pelican.jpg\",\"datePublished\":\"2023-05-10T20:53:26+00:00\",\"author\":{\"@id\":\"https:\/\/naturecanada.ca\/fr\/#\/schema\/person\/17b7bcf5d6c5986308482766e7f95678\"},\"description\":\"Le p\u00e9lican d\u2019Am\u00e9rique est un des oiseaux les plus grands en Am\u00e9rique du Nord. Durant l\u2019\u00e9t\u00e9, ils vivent et reproduisent sur des \u00eeles et des zones humides \u00e0 l\u2019int\u00e9rieur du continent, tandis que durant l\u2019hiver, ils migrent vers les r\u00e9gions c\u00f4ti\u00e8res au sud de l\u2019Am\u00e9rique du Nord.\",\"breadcrumb\":{\"@id\":\"https:\/\/naturecanada.ca\/fr\/nouvelles\/blog-fr\/apprenez-au-sujet-dune-des-especes-emblematiques-de-la-journee-mondiale-des-oiseaux-migrateurs-cette-annee-pelican-damerique\/#breadcrumb\"},\"inLanguage\":\"fr-FR\",\"potentialAction\":[{\"@type\":\"ReadAction\",\"target\":[\"https:\/\/naturecanada.ca\/fr\/nouvelles\/blog-fr\/apprenez-au-sujet-dune-des-especes-emblematiques-de-la-journee-mondiale-des-oiseaux-migrateurs-cette-annee-pelican-damerique\/\"]}]},{\"@type\":\"ImageObject\",\"inLanguage\":\"fr-FR\",\"@id\":\"https:\/\/naturecanada.ca\/fr\/nouvelles\/blog-fr\/apprenez-au-sujet-dune-des-especes-emblematiques-de-la-journee-mondiale-des-oiseaux-migrateurs-cette-annee-pelican-damerique\/#primaryimage\",\"url\":\"https:\/\/naturecanada.ca\/wp-content\/uploads\/2023\/03\/American-White-Pelican.jpg\",\"contentUrl\":\"https:\/\/naturecanada.ca\/wp-content\/uploads\/2023\/03\/American-White-Pelican.jpg\",\"width\":1024,\"height\":682},{\"@type\":\"BreadcrumbList\",\"@id\":\"https:\/\/naturecanada.ca\/fr\/nouvelles\/blog-fr\/apprenez-au-sujet-dune-des-especes-emblematiques-de-la-journee-mondiale-des-oiseaux-migrateurs-cette-annee-pelican-damerique\/#breadcrumb\",\"itemListElement\":[{\"@type\":\"ListItem\",\"position\":1,\"name\":\"Home\",\"item\":\"https:\/\/naturecanada.ca\/fr\/\"},{\"@type\":\"ListItem\",\"position\":2,\"name\":\"Apprenez au sujet d\u2019une des esp\u00e8ces embl\u00e9matiques de la Journ\u00e9e Mondiale des Oiseaux Migrateurs cette ann\u00e9e: P\u00e9lican d\u2019Am\u00e9rique\"}]},{\"@type\":\"WebSite\",\"@id\":\"https:\/\/naturecanada.ca\/fr\/#website\",\"url\":\"https:\/\/naturecanada.ca\/fr\/\",\"name\":\"Nature Canada\",\"description\":\"Your voice for nature!\",\"potentialAction\":[{\"@type\":\"SearchAction\",\"target\":{\"@type\":\"EntryPoint\",\"urlTemplate\":\"https:\/\/naturecanada.ca\/fr\/?s={search_term_string}\"},\"query-input\":{\"@type\":\"PropertyValueSpecification\",\"valueRequired\":true,\"valueName\":\"search_term_string\"}}],\"inLanguage\":\"fr-FR\"},{\"@type\":\"Person\",\"@id\":\"https:\/\/naturecanada.ca\/fr\/#\/schema\/person\/17b7bcf5d6c5986308482766e7f95678\",\"name\":\"Nature Canada\",\"image\":{\"@type\":\"ImageObject\",\"inLanguage\":\"fr-FR\",\"@id\":\"https:\/\/naturecanada.ca\/fr\/#\/schema\/person\/image\/\",\"url\":\"https:\/\/secure.gravatar.com\/avatar\/9d773ee7efc6a8cb17b141a2760cfbfe65bbdf7f1d4d1a991814236822b0f78b?s=96&d=mm&r=g\",\"contentUrl\":\"https:\/\/secure.gravatar.com\/avatar\/9d773ee7efc6a8cb17b141a2760cfbfe65bbdf7f1d4d1a991814236822b0f78b?s=96&d=mm&r=g\",\"caption\":\"Nature Canada\"},\"url\":\"https:\/\/naturecanada.ca\/fr\/author\/mtello\/\"}]}<\/script>\n<!-- \/ Yoast SEO plugin. -->","yoast_head_json":{"title":"Apprenez au sujet d\u2019une des esp\u00e8ces embl\u00e9matiques de la Journ\u00e9e Mondiale des Oiseaux Migrateurs cette ann\u00e9e: P\u00e9lican d\u2019Am\u00e9rique - Nature Canada","description":"Le p\u00e9lican d\u2019Am\u00e9rique est un des oiseaux les plus grands en Am\u00e9rique du Nord. Durant l\u2019\u00e9t\u00e9, ils vivent et reproduisent sur des \u00eeles et des zones humides \u00e0 l\u2019int\u00e9rieur du continent, tandis que durant l\u2019hiver, ils migrent vers les r\u00e9gions c\u00f4ti\u00e8res au sud de l\u2019Am\u00e9rique du Nord.","robots":{"index":"index","follow":"follow","max-snippet":"max-snippet:-1","max-image-preview":"max-image-preview:large","max-video-preview":"max-video-preview:-1"},"canonical":"https:\/\/naturecanada.ca\/fr\/nouvelles\/blog-fr\/apprenez-au-sujet-dune-des-especes-emblematiques-de-la-journee-mondiale-des-oiseaux-migrateurs-cette-annee-pelican-damerique\/","og_locale":"fr_FR","og_type":"article","og_title":"Apprenez au sujet d\u2019une des esp\u00e8ces embl\u00e9matiques de la Journ\u00e9e Mondiale des Oiseaux Migrateurs cette ann\u00e9e: P\u00e9lican d\u2019Am\u00e9rique - Nature Canada","og_description":"Le p\u00e9lican d\u2019Am\u00e9rique est un des oiseaux les plus grands en Am\u00e9rique du Nord. Durant l\u2019\u00e9t\u00e9, ils vivent et reproduisent sur des \u00eeles et des zones humides \u00e0 l\u2019int\u00e9rieur du continent, tandis que durant l\u2019hiver, ils migrent vers les r\u00e9gions c\u00f4ti\u00e8res au sud de l\u2019Am\u00e9rique du Nord.","og_url":"https:\/\/naturecanada.ca\/fr\/nouvelles\/blog-fr\/apprenez-au-sujet-dune-des-especes-emblematiques-de-la-journee-mondiale-des-oiseaux-migrateurs-cette-annee-pelican-damerique\/","og_site_name":"Nature Canada","article_publisher":"https:\/\/www.facebook.com\/NatureCanada\/","article_published_time":"2023-05-10T20:53:26+00:00","og_image":[{"width":1024,"height":682,"url":"https:\/\/naturecanada.ca\/wp-content\/uploads\/2023\/03\/American-White-Pelican.jpg","type":"image\/jpeg"}],"author":"Nature Canada","twitter_card":"summary_large_image","twitter_creator":"@NatureCanada","twitter_site":"@NatureCanada","twitter_misc":{"Written by":"Nature Canada","Est. reading time":"4 minutes"},"schema":{"@context":"https:\/\/schema.org","@graph":[{"@type":"Article","@id":"https:\/\/naturecanada.ca\/fr\/nouvelles\/blog-fr\/apprenez-au-sujet-dune-des-especes-emblematiques-de-la-journee-mondiale-des-oiseaux-migrateurs-cette-annee-pelican-damerique\/#article","isPartOf":{"@id":"https:\/\/naturecanada.ca\/fr\/nouvelles\/blog-fr\/apprenez-au-sujet-dune-des-especes-emblematiques-de-la-journee-mondiale-des-oiseaux-migrateurs-cette-annee-pelican-damerique\/"},"author":{"name":"Nature Canada","@id":"https:\/\/naturecanada.ca\/fr\/#\/schema\/person\/17b7bcf5d6c5986308482766e7f95678"},"headline":"Apprenez au sujet d\u2019une des esp\u00e8ces embl\u00e9matiques de la Journ\u00e9e Mondiale des Oiseaux Migrateurs cette ann\u00e9e: P\u00e9lican d\u2019Am\u00e9rique","datePublished":"2023-05-10T20:53:26+00:00","mainEntityOfPage":{"@id":"https:\/\/naturecanada.ca\/fr\/nouvelles\/blog-fr\/apprenez-au-sujet-dune-des-especes-emblematiques-de-la-journee-mondiale-des-oiseaux-migrateurs-cette-annee-pelican-damerique\/"},"wordCount":801,"image":{"@id":"https:\/\/naturecanada.ca\/fr\/nouvelles\/blog-fr\/apprenez-au-sujet-dune-des-especes-emblematiques-de-la-journee-mondiale-des-oiseaux-migrateurs-cette-annee-pelican-damerique\/#primaryimage"},"thumbnailUrl":"https:\/\/naturecanada.ca\/wp-content\/uploads\/2023\/03\/American-White-Pelican.jpg","keywords":["bird conservation","Bird Friendly Cities","Bird Friendly City","birds"],"articleSection":["Blog"],"inLanguage":"fr-FR"},{"@type":"WebPage","@id":"https:\/\/naturecanada.ca\/fr\/nouvelles\/blog-fr\/apprenez-au-sujet-dune-des-especes-emblematiques-de-la-journee-mondiale-des-oiseaux-migrateurs-cette-annee-pelican-damerique\/","url":"https:\/\/naturecanada.ca\/fr\/nouvelles\/blog-fr\/apprenez-au-sujet-dune-des-especes-emblematiques-de-la-journee-mondiale-des-oiseaux-migrateurs-cette-annee-pelican-damerique\/","name":"Apprenez au sujet d\u2019une des esp\u00e8ces embl\u00e9matiques de la Journ\u00e9e Mondiale des Oiseaux Migrateurs cette ann\u00e9e: P\u00e9lican d\u2019Am\u00e9rique - Nature Canada","isPartOf":{"@id":"https:\/\/naturecanada.ca\/fr\/#website"},"primaryImageOfPage":{"@id":"https:\/\/naturecanada.ca\/fr\/nouvelles\/blog-fr\/apprenez-au-sujet-dune-des-especes-emblematiques-de-la-journee-mondiale-des-oiseaux-migrateurs-cette-annee-pelican-damerique\/#primaryimage"},"image":{"@id":"https:\/\/naturecanada.ca\/fr\/nouvelles\/blog-fr\/apprenez-au-sujet-dune-des-especes-emblematiques-de-la-journee-mondiale-des-oiseaux-migrateurs-cette-annee-pelican-damerique\/#primaryimage"},"thumbnailUrl":"https:\/\/naturecanada.ca\/wp-content\/uploads\/2023\/03\/American-White-Pelican.jpg","datePublished":"2023-05-10T20:53:26+00:00","author":{"@id":"https:\/\/naturecanada.ca\/fr\/#\/schema\/person\/17b7bcf5d6c5986308482766e7f95678"},"description":"Le p\u00e9lican d\u2019Am\u00e9rique est un des oiseaux les plus grands en Am\u00e9rique du Nord. Durant l\u2019\u00e9t\u00e9, ils vivent et reproduisent sur des \u00eeles et des zones humides \u00e0 l\u2019int\u00e9rieur du continent, tandis que durant l\u2019hiver, ils migrent vers les r\u00e9gions c\u00f4ti\u00e8res au sud de l\u2019Am\u00e9rique du Nord.","breadcrumb":{"@id":"https:\/\/naturecanada.ca\/fr\/nouvelles\/blog-fr\/apprenez-au-sujet-dune-des-especes-emblematiques-de-la-journee-mondiale-des-oiseaux-migrateurs-cette-annee-pelican-damerique\/#breadcrumb"},"inLanguage":"fr-FR","potentialAction":[{"@type":"ReadAction","target":["https:\/\/naturecanada.ca\/fr\/nouvelles\/blog-fr\/apprenez-au-sujet-dune-des-especes-emblematiques-de-la-journee-mondiale-des-oiseaux-migrateurs-cette-annee-pelican-damerique\/"]}]},{"@type":"ImageObject","inLanguage":"fr-FR","@id":"https:\/\/naturecanada.ca\/fr\/nouvelles\/blog-fr\/apprenez-au-sujet-dune-des-especes-emblematiques-de-la-journee-mondiale-des-oiseaux-migrateurs-cette-annee-pelican-damerique\/#primaryimage","url":"https:\/\/naturecanada.ca\/wp-content\/uploads\/2023\/03\/American-White-Pelican.jpg","contentUrl":"https:\/\/naturecanada.ca\/wp-content\/uploads\/2023\/03\/American-White-Pelican.jpg","width":1024,"height":682},{"@type":"BreadcrumbList","@id":"https:\/\/naturecanada.ca\/fr\/nouvelles\/blog-fr\/apprenez-au-sujet-dune-des-especes-emblematiques-de-la-journee-mondiale-des-oiseaux-migrateurs-cette-annee-pelican-damerique\/#breadcrumb","itemListElement":[{"@type":"ListItem","position":1,"name":"Home","item":"https:\/\/naturecanada.ca\/fr\/"},{"@type":"ListItem","position":2,"name":"Apprenez au sujet d\u2019une des esp\u00e8ces embl\u00e9matiques de la Journ\u00e9e Mondiale des Oiseaux Migrateurs cette ann\u00e9e: P\u00e9lican d\u2019Am\u00e9rique"}]},{"@type":"WebSite","@id":"https:\/\/naturecanada.ca\/fr\/#website","url":"https:\/\/naturecanada.ca\/fr\/","name":"Nature Canada","description":"Your voice for nature!","potentialAction":[{"@type":"SearchAction","target":{"@type":"EntryPoint","urlTemplate":"https:\/\/naturecanada.ca\/fr\/?s={search_term_string}"},"query-input":{"@type":"PropertyValueSpecification","valueRequired":true,"valueName":"search_term_string"}}],"inLanguage":"fr-FR"},{"@type":"Person","@id":"https:\/\/naturecanada.ca\/fr\/#\/schema\/person\/17b7bcf5d6c5986308482766e7f95678","name":"Nature Canada","image":{"@type":"ImageObject","inLanguage":"fr-FR","@id":"https:\/\/naturecanada.ca\/fr\/#\/schema\/person\/image\/","url":"https:\/\/secure.gravatar.com\/avatar\/9d773ee7efc6a8cb17b141a2760cfbfe65bbdf7f1d4d1a991814236822b0f78b?s=96&d=mm&r=g","contentUrl":"https:\/\/secure.gravatar.com\/avatar\/9d773ee7efc6a8cb17b141a2760cfbfe65bbdf7f1d4d1a991814236822b0f78b?s=96&d=mm&r=g","caption":"Nature Canada"},"url":"https:\/\/naturecanada.ca\/fr\/author\/mtello\/"}]}},"_links":{"self":[{"href":"https:\/\/naturecanada.ca\/fr\/wp-json\/wp\/v2\/posts\/70269","targetHints":{"allow":["GET"]}}],"collection":[{"href":"https:\/\/naturecanada.ca\/fr\/wp-json\/wp\/v2\/posts"}],"about":[{"href":"https:\/\/naturecanada.ca\/fr\/wp-json\/wp\/v2\/types\/post"}],"author":[{"embeddable":true,"href":"https:\/\/naturecanada.ca\/fr\/wp-json\/wp\/v2\/users\/99"}],"replies":[{"embeddable":true,"href":"https:\/\/naturecanada.ca\/fr\/wp-json\/wp\/v2\/comments?post=70269"}],"version-history":[{"count":0,"href":"https:\/\/naturecanada.ca\/fr\/wp-json\/wp\/v2\/posts\/70269\/revisions"}],"wp:featuredmedia":[{"embeddable":true,"href":"https:\/\/naturecanada.ca\/fr\/wp-json\/wp\/v2\/media\/70001"}],"wp:attachment":[{"href":"https:\/\/naturecanada.ca\/fr\/wp-json\/wp\/v2\/media?parent=70269"}],"wp:term":[{"taxonomy":"category","embeddable":true,"href":"https:\/\/naturecanada.ca\/fr\/wp-json\/wp\/v2\/categories?post=70269"},{"taxonomy":"post_tag","embeddable":true,"href":"https:\/\/naturecanada.ca\/fr\/wp-json\/wp\/v2\/tags?post=70269"}],"curies":[{"name":"wp","href":"https:\/\/api.w.org\/{rel}","templated":true}]}}